{"id":3585,"date":"2024-12-04T11:43:34","date_gmt":"2024-12-04T10:43:34","guid":{"rendered":"https:\/\/www.congres2024-deuils-famille-orphelins.org\/?p=3585"},"modified":"2024-12-04T11:50:17","modified_gmt":"2024-12-04T10:50:17","slug":"rencontre-avec-des-orphelins-temoignages-sur-leur-parcours-de-vie-succes-difficultes-et-questions-actuelles","status":"publish","type":"post","link":"https:\/\/www.congres2024-deuils-famille-orphelins.org\/index.php\/2024\/12\/04\/rencontre-avec-des-orphelins-temoignages-sur-leur-parcours-de-vie-succes-difficultes-et-questions-actuelles\/","title":{"rendered":"Rencontre avec des orphelins, t\u00e9moignages sur leur parcours de vie, succ\u00e8s, difficult\u00e9s et questions actuelles\u2026"},"content":{"rendered":"<p>&nbsp;<\/p>\n<p><em><strong>Rencontre avec des orphelins, t\u00e9moignages sur leur parcours de vie, succ\u00e8s, difficult\u00e9s et questions actuelles\u2026<\/strong><\/em><\/p>\n<p><a href=\"https:\/\/www.congres2024-deuils-famille-orphelins.org\/index.php\/2024\/12\/04\/anne-marie-texier\/\" target=\"_blank\" rel=\"noopener\">Anne-Marie Texier<\/a><br \/>\nauteur d&rsquo;un livre sur son parcours d&rsquo;orpheline pr\u00e9coce<br \/>\nDr en psychologie<\/p>\n<p><img fetchpriority=\"high\" decoding=\"async\" class=\"alignnone size-medium wp-image-3586\" src=\"https:\/\/www.congres2024-deuils-famille-orphelins.org\/wp-content\/uploads\/2024\/12\/Couv-dos-4e-couv-cbp-300x212.jpg\" alt=\"\" width=\"300\" height=\"212\" srcset=\"https:\/\/www.congres2024-deuils-famille-orphelins.org\/wp-content\/uploads\/2024\/12\/Couv-dos-4e-couv-cbp-300x212.jpg 300w, https:\/\/www.congres2024-deuils-famille-orphelins.org\/wp-content\/uploads\/2024\/12\/Couv-dos-4e-couv-cbp-1024x724.jpg 1024w, https:\/\/www.congres2024-deuils-famille-orphelins.org\/wp-content\/uploads\/2024\/12\/Couv-dos-4e-couv-cbp-768x543.jpg 768w, https:\/\/www.congres2024-deuils-famille-orphelins.org\/wp-content\/uploads\/2024\/12\/Couv-dos-4e-couv-cbp-1536x1086.jpg 1536w, https:\/\/www.congres2024-deuils-famille-orphelins.org\/wp-content\/uploads\/2024\/12\/Couv-dos-4e-couv-cbp-2048x1448.jpg 2048w, https:\/\/www.congres2024-deuils-famille-orphelins.org\/wp-content\/uploads\/2024\/12\/Couv-dos-4e-couv-cbp-600x424.jpg 600w, https:\/\/www.congres2024-deuils-famille-orphelins.org\/wp-content\/uploads\/2024\/12\/Couv-dos-4e-couv-cbp-918x649.jpg 918w\" sizes=\"(max-width: 300px) 100vw, 300px\" \/><\/p>\n<p>&nbsp;<\/p>\n<p>&nbsp;<\/p>\n","protected":false},"excerpt":{"rendered":"<p>&nbsp; Rencontre avec des orphelins, t\u00e9moignages sur leur parcours de vie, succ\u00e8s, difficult\u00e9s et questions actuelles\u2026 Anne-Marie Texier auteur d&rsquo;un livre sur son parcours d&rsquo;orpheline pr\u00e9coce Dr en psychologie &nbsp; &nbsp;<\/p>\n","protected":false},"author":2,"featured_media":0,"comment_status":"closed","ping_status":"open","sticky":false,"template":"","format":"standard","meta":{"footnotes":""},"categories":[31],"tags":[],"class_list":["post-3585","post","type-post","status-publish","format-standard","hentry","category-atelier-j1"],"yoast_head":"<!-- This site is optimized with the Yoast SEO plugin v27.1.1 - https:\/\/yoast.com\/product\/yoast-seo-wordpress\/ -->\n<title>Rencontre avec des orphelins, t\u00e9moignages sur leur parcours de vie, succ\u00e8s, difficult\u00e9s et questions actuelles\u2026 - Congr\u00e8s 2024 deuils orphelins<\/title>\n<meta name=\"robots\" content=\"index, follow, max-snippet:-1, max-image-preview:large, max-video-preview:-1\" \/>\n<link rel=\"canonical\" href=\"https:\/\/www.congres2024-deuils-famille-orphelins.org\/index.php\/2024\/12\/04\/rencontre-avec-des-orphelins-temoignages-sur-leur-parcours-de-vie-succes-difficultes-et-questions-actuelles\/\" \/>\n<meta property=\"og:locale\" content=\"fr_FR\" \/>\n<meta property=\"og:type\" content=\"article\" \/>\n<meta property=\"og:title\" content=\"Rencontre avec des orphelins, t\u00e9moignages sur leur parcours de vie, succ\u00e8s, difficult\u00e9s et questions actuelles\u2026 - Congr\u00e8s 2024 deuils orphelins\" \/>\n<meta property=\"og:description\" content=\"&nbsp; Rencontre avec des orphelins, t\u00e9moignages sur leur parcours de vie, succ\u00e8s, difficult\u00e9s et questions actuelles\u2026 Anne-Marie Texier auteur d&rsquo;un livre sur son parcours d&rsquo;orpheline pr\u00e9coce Dr en psychologie &nbsp; &nbsp;\" \/>\n<meta property=\"og:url\" content=\"https:\/\/www.congres2024-deuils-famille-orphelins.org\/index.php\/2024\/12\/04\/rencontre-avec-des-orphelins-temoignages-sur-leur-parcours-de-vie-succes-difficultes-et-questions-actuelles\/\" \/>\n<meta property=\"og:site_name\" content=\"Congr\u00e8s 2024 deuils orphelins\" \/>\n<meta property=\"article:published_time\" content=\"2024-12-04T10:43:34+00:00\" \/>\n<meta property=\"article:modified_time\" content=\"2024-12-04T10:50:17+00:00\" \/>\n<meta property=\"og:image\" content=\"https:\/\/www.congres2024-deuils-famille-orphelins.org\/wp-content\/uploads\/2024\/12\/Couv-dos-4e-couv-cbp-300x212.jpg\" \/>\n<meta name=\"author\" content=\"Vivian V\u00e9teau\" \/>\n<meta name=\"twitter:card\" content=\"summary_large_image\" \/>\n<meta name=\"twitter:label1\" content=\"\u00c9crit par\" \/>\n\t<meta name=\"twitter:data1\" content=\"Vivian V\u00e9teau\" \/>\n\t<meta name=\"twitter:label2\" content=\"Dur\u00e9e de lecture estim\u00e9e\" \/>\n\t<meta name=\"twitter:data2\" content=\"1 minute\" \/>\n<script type=\"application\/ld+json\" class=\"yoast-schema-graph\">{\"@context\":\"https:\/\/schema.org\",\"@graph\":[{\"@type\":\"Article\",\"@id\":\"https:\/\/www.congres2024-deuils-famille-orphelins.org\/index.php\/2024\/12\/04\/rencontre-avec-des-orphelins-temoignages-sur-leur-parcours-de-vie-succes-difficultes-et-questions-actuelles\/#article\",\"isPartOf\":{\"@id\":\"https:\/\/www.congres2024-deuils-famille-orphelins.org\/index.php\/2024\/12\/04\/rencontre-avec-des-orphelins-temoignages-sur-leur-parcours-de-vie-succes-difficultes-et-questions-actuelles\/\"},\"author\":{\"name\":\"Vivian V\u00e9teau\",\"@id\":\"https:\/\/www.congres2024-deuils-famille-orphelins.org\/#\/schema\/person\/291a70b6f17e52be74f48d19654c535f\"},\"headline\":\"Rencontre avec des orphelins, t\u00e9moignages sur leur parcours de vie, succ\u00e8s, difficult\u00e9s et questions actuelles\u2026\",\"datePublished\":\"2024-12-04T10:43:34+00:00\",\"dateModified\":\"2024-12-04T10:50:17+00:00\",\"mainEntityOfPage\":{\"@id\":\"https:\/\/www.congres2024-deuils-famille-orphelins.org\/index.php\/2024\/12\/04\/rencontre-avec-des-orphelins-temoignages-sur-leur-parcours-de-vie-succes-difficultes-et-questions-actuelles\/\"},\"wordCount\":55,\"publisher\":{\"@id\":\"https:\/\/www.congres2024-deuils-famille-orphelins.org\/#organization\"},\"image\":{\"@id\":\"https:\/\/www.congres2024-deuils-famille-orphelins.org\/index.php\/2024\/12\/04\/rencontre-avec-des-orphelins-temoignages-sur-leur-parcours-de-vie-succes-difficultes-et-questions-actuelles\/#primaryimage\"},\"thumbnailUrl\":\"https:\/\/www.congres2024-deuils-famille-orphelins.org\/wp-content\/uploads\/2024\/12\/Couv-dos-4e-couv-cbp-300x212.jpg\",\"articleSection\":[\"ateliers j1\"],\"inLanguage\":\"fr-FR\"},{\"@type\":\"WebPage\",\"@id\":\"https:\/\/www.congres2024-deuils-famille-orphelins.org\/index.php\/2024\/12\/04\/rencontre-avec-des-orphelins-temoignages-sur-leur-parcours-de-vie-succes-difficultes-et-questions-actuelles\/\",\"url\":\"https:\/\/www.congres2024-deuils-famille-orphelins.org\/index.php\/2024\/12\/04\/rencontre-avec-des-orphelins-temoignages-sur-leur-parcours-de-vie-succes-difficultes-et-questions-actuelles\/\",\"name\":\"Rencontre avec des orphelins, t\u00e9moignages sur leur parcours de vie, succ\u00e8s, difficult\u00e9s et questions actuelles\u2026 - Congr\u00e8s 2024 deuils orphelins\",\"isPartOf\":{\"@id\":\"https:\/\/www.congres2024-deuils-famille-orphelins.org\/#website\"},\"primaryImageOfPage\":{\"@id\":\"https:\/\/www.congres2024-deuils-famille-orphelins.org\/index.php\/2024\/12\/04\/rencontre-avec-des-orphelins-temoignages-sur-leur-parcours-de-vie-succes-difficultes-et-questions-actuelles\/#primaryimage\"},\"image\":{\"@id\":\"https:\/\/www.congres2024-deuils-famille-orphelins.org\/index.php\/2024\/12\/04\/rencontre-avec-des-orphelins-temoignages-sur-leur-parcours-de-vie-succes-difficultes-et-questions-actuelles\/#primaryimage\"},\"thumbnailUrl\":\"https:\/\/www.congres2024-deuils-famille-orphelins.org\/wp-content\/uploads\/2024\/12\/Couv-dos-4e-couv-cbp-300x212.jpg\",\"datePublished\":\"2024-12-04T10:43:34+00:00\",\"dateModified\":\"2024-12-04T10:50:17+00:00\",\"breadcrumb\":{\"@id\":\"https:\/\/www.congres2024-deuils-famille-orphelins.org\/index.php\/2024\/12\/04\/rencontre-avec-des-orphelins-temoignages-sur-leur-parcours-de-vie-succes-difficultes-et-questions-actuelles\/#breadcrumb\"},\"inLanguage\":\"fr-FR\",\"potentialAction\":[{\"@type\":\"ReadAction\",\"target\":[\"https:\/\/www.congres2024-deuils-famille-orphelins.org\/index.php\/2024\/12\/04\/rencontre-avec-des-orphelins-temoignages-sur-leur-parcours-de-vie-succes-difficultes-et-questions-actuelles\/\"]}]},{\"@type\":\"ImageObject\",\"inLanguage\":\"fr-FR\",\"@id\":\"https:\/\/www.congres2024-deuils-famille-orphelins.org\/index.php\/2024\/12\/04\/rencontre-avec-des-orphelins-temoignages-sur-leur-parcours-de-vie-succes-difficultes-et-questions-actuelles\/#primaryimage\",\"url\":\"https:\/\/www.congres2024-deuils-famille-orphelins.org\/wp-content\/uploads\/2024\/12\/Couv-dos-4e-couv-cbp-scaled.jpg\",\"contentUrl\":\"https:\/\/www.congres2024-deuils-famille-orphelins.org\/wp-content\/uploads\/2024\/12\/Couv-dos-4e-couv-cbp-scaled.jpg\",\"width\":2560,\"height\":1810},{\"@type\":\"BreadcrumbList\",\"@id\":\"https:\/\/www.congres2024-deuils-famille-orphelins.org\/index.php\/2024\/12\/04\/rencontre-avec-des-orphelins-temoignages-sur-leur-parcours-de-vie-succes-difficultes-et-questions-actuelles\/#breadcrumb\",\"itemListElement\":[{\"@type\":\"ListItem\",\"position\":1,\"name\":\"Accueil\",\"item\":\"https:\/\/www.congres2024-deuils-famille-orphelins.org\/\"},{\"@type\":\"ListItem\",\"position\":2,\"name\":\"Rencontre avec des orphelins, t\u00e9moignages sur leur parcours de vie, succ\u00e8s, difficult\u00e9s et questions actuelles\u2026\"}]},{\"@type\":\"WebSite\",\"@id\":\"https:\/\/www.congres2024-deuils-famille-orphelins.org\/#website\",\"url\":\"https:\/\/www.congres2024-deuils-famille-orphelins.org\/\",\"name\":\"Congr\u00e8s 2024 deuils orphelins\",\"description\":\"\",\"publisher\":{\"@id\":\"https:\/\/www.congres2024-deuils-famille-orphelins.org\/#organization\"},\"potentialAction\":[{\"@type\":\"SearchAction\",\"target\":{\"@type\":\"EntryPoint\",\"urlTemplate\":\"https:\/\/www.congres2024-deuils-famille-orphelins.org\/?s={search_term_string}\"},\"query-input\":{\"@type\":\"PropertyValueSpecification\",\"valueRequired\":true,\"valueName\":\"search_term_string\"}}],\"inLanguage\":\"fr-FR\"},{\"@type\":\"Organization\",\"@id\":\"https:\/\/www.congres2024-deuils-famille-orphelins.org\/#organization\",\"name\":\"Congr\u00e8s 2024 deuils orphelins\",\"url\":\"https:\/\/www.congres2024-deuils-famille-orphelins.org\/\",\"logo\":{\"@type\":\"ImageObject\",\"inLanguage\":\"fr-FR\",\"@id\":\"https:\/\/www.congres2024-deuils-famille-orphelins.org\/#\/schema\/logo\/image\/\",\"url\":\"https:\/\/www.congres2024-deuils-famille-orphelins.org\/wp-content\/uploads\/2024\/03\/cropped-LOGO-VSDPC2.jpg\",\"contentUrl\":\"https:\/\/www.congres2024-deuils-famille-orphelins.org\/wp-content\/uploads\/2024\/03\/cropped-LOGO-VSDPC2.jpg\",\"width\":980,\"height\":280,\"caption\":\"Congr\u00e8s 2024 deuils orphelins\"},\"image\":{\"@id\":\"https:\/\/www.congres2024-deuils-famille-orphelins.org\/#\/schema\/logo\/image\/\"}},{\"@type\":\"Person\",\"@id\":\"https:\/\/www.congres2024-deuils-famille-orphelins.org\/#\/schema\/person\/291a70b6f17e52be74f48d19654c535f\",\"name\":\"Vivian V\u00e9teau\",\"image\":{\"@type\":\"ImageObject\",\"inLanguage\":\"fr-FR\",\"@id\":\"https:\/\/www.congres2024-deuils-famille-orphelins.org\/#\/schema\/person\/image\/\",\"url\":\"https:\/\/secure.gravatar.com\/avatar\/a59554cae35983ebfe1205fad45716aa6903f434edc41a99b554823a9290244d?s=96&d=mm&r=g\",\"contentUrl\":\"https:\/\/secure.gravatar.com\/avatar\/a59554cae35983ebfe1205fad45716aa6903f434edc41a99b554823a9290244d?s=96&d=mm&r=g\",\"caption\":\"Vivian V\u00e9teau\"},\"sameAs\":[\"https:\/\/www.congres2024-deuils-famille-orphelins.org\/\"],\"url\":\"https:\/\/www.congres2024-deuils-famille-orphelins.org\/index.php\/author\/vivian\/\"}]}<\/script>\n<!-- \/ Yoast SEO plugin. -->","yoast_head_json":{"title":"Rencontre avec des orphelins, t\u00e9moignages sur leur parcours de vie, succ\u00e8s, difficult\u00e9s et questions actuelles\u2026 - Congr\u00e8s 2024 deuils orphelins","robots":{"index":"index","follow":"follow","max-snippet":"max-snippet:-1","max-image-preview":"max-image-preview:large","max-video-preview":"max-video-preview:-1"},"canonical":"https:\/\/www.congres2024-deuils-famille-orphelins.org\/index.php\/2024\/12\/04\/rencontre-avec-des-orphelins-temoignages-sur-leur-parcours-de-vie-succes-difficultes-et-questions-actuelles\/","og_locale":"fr_FR","og_type":"article","og_title":"Rencontre avec des orphelins, t\u00e9moignages sur leur parcours de vie, succ\u00e8s, difficult\u00e9s et questions actuelles\u2026 - Congr\u00e8s 2024 deuils orphelins","og_description":"&nbsp; Rencontre avec des orphelins, t\u00e9moignages sur leur parcours de vie, succ\u00e8s, difficult\u00e9s et questions actuelles\u2026 Anne-Marie Texier auteur d&rsquo;un livre sur son parcours d&rsquo;orpheline pr\u00e9coce Dr en psychologie &nbsp; &nbsp;","og_url":"https:\/\/www.congres2024-deuils-famille-orphelins.org\/index.php\/2024\/12\/04\/rencontre-avec-des-orphelins-temoignages-sur-leur-parcours-de-vie-succes-difficultes-et-questions-actuelles\/","og_site_name":"Congr\u00e8s 2024 deuils orphelins","article_published_time":"2024-12-04T10:43:34+00:00","article_modified_time":"2024-12-04T10:50:17+00:00","og_image":[{"url":"https:\/\/www.congres2024-deuils-famille-orphelins.org\/wp-content\/uploads\/2024\/12\/Couv-dos-4e-couv-cbp-300x212.jpg","type":"","width":"","height":""}],"author":"Vivian V\u00e9teau","twitter_card":"summary_large_image","twitter_misc":{"\u00c9crit par":"Vivian V\u00e9teau","Dur\u00e9e de lecture estim\u00e9e":"1 minute"},"schema":{"@context":"https:\/\/schema.org","@graph":[{"@type":"Article","@id":"https:\/\/www.congres2024-deuils-famille-orphelins.org\/index.php\/2024\/12\/04\/rencontre-avec-des-orphelins-temoignages-sur-leur-parcours-de-vie-succes-difficultes-et-questions-actuelles\/#article","isPartOf":{"@id":"https:\/\/www.congres2024-deuils-famille-orphelins.org\/index.php\/2024\/12\/04\/rencontre-avec-des-orphelins-temoignages-sur-leur-parcours-de-vie-succes-difficultes-et-questions-actuelles\/"},"author":{"name":"Vivian V\u00e9teau","@id":"https:\/\/www.congres2024-deuils-famille-orphelins.org\/#\/schema\/person\/291a70b6f17e52be74f48d19654c535f"},"headline":"Rencontre avec des orphelins, t\u00e9moignages sur leur parcours de vie, succ\u00e8s, difficult\u00e9s et questions actuelles\u2026","datePublished":"2024-12-04T10:43:34+00:00","dateModified":"2024-12-04T10:50:17+00:00","mainEntityOfPage":{"@id":"https:\/\/www.congres2024-deuils-famille-orphelins.org\/index.php\/2024\/12\/04\/rencontre-avec-des-orphelins-temoignages-sur-leur-parcours-de-vie-succes-difficultes-et-questions-actuelles\/"},"wordCount":55,"publisher":{"@id":"https:\/\/www.congres2024-deuils-famille-orphelins.org\/#organization"},"image":{"@id":"https:\/\/www.congres2024-deuils-famille-orphelins.org\/index.php\/2024\/12\/04\/rencontre-avec-des-orphelins-temoignages-sur-leur-parcours-de-vie-succes-difficultes-et-questions-actuelles\/#primaryimage"},"thumbnailUrl":"https:\/\/www.congres2024-deuils-famille-orphelins.org\/wp-content\/uploads\/2024\/12\/Couv-dos-4e-couv-cbp-300x212.jpg","articleSection":["ateliers j1"],"inLanguage":"fr-FR"},{"@type":"WebPage","@id":"https:\/\/www.congres2024-deuils-famille-orphelins.org\/index.php\/2024\/12\/04\/rencontre-avec-des-orphelins-temoignages-sur-leur-parcours-de-vie-succes-difficultes-et-questions-actuelles\/","url":"https:\/\/www.congres2024-deuils-famille-orphelins.org\/index.php\/2024\/12\/04\/rencontre-avec-des-orphelins-temoignages-sur-leur-parcours-de-vie-succes-difficultes-et-questions-actuelles\/","name":"Rencontre avec des orphelins, t\u00e9moignages sur leur parcours de vie, succ\u00e8s, difficult\u00e9s et questions actuelles\u2026 - Congr\u00e8s 2024 deuils orphelins","isPartOf":{"@id":"https:\/\/www.congres2024-deuils-famille-orphelins.org\/#website"},"primaryImageOfPage":{"@id":"https:\/\/www.congres2024-deuils-famille-orphelins.org\/index.php\/2024\/12\/04\/rencontre-avec-des-orphelins-temoignages-sur-leur-parcours-de-vie-succes-difficultes-et-questions-actuelles\/#primaryimage"},"image":{"@id":"https:\/\/www.congres2024-deuils-famille-orphelins.org\/index.php\/2024\/12\/04\/rencontre-avec-des-orphelins-temoignages-sur-leur-parcours-de-vie-succes-difficultes-et-questions-actuelles\/#primaryimage"},"thumbnailUrl":"https:\/\/www.congres2024-deuils-famille-orphelins.org\/wp-content\/uploads\/2024\/12\/Couv-dos-4e-couv-cbp-300x212.jpg","datePublished":"2024-12-04T10:43:34+00:00","dateModified":"2024-12-04T10:50:17+00:00","breadcrumb":{"@id":"https:\/\/www.congres2024-deuils-famille-orphelins.org\/index.php\/2024\/12\/04\/rencontre-avec-des-orphelins-temoignages-sur-leur-parcours-de-vie-succes-difficultes-et-questions-actuelles\/#breadcrumb"},"inLanguage":"fr-FR","potentialAction":[{"@type":"ReadAction","target":["https:\/\/www.congres2024-deuils-famille-orphelins.org\/index.php\/2024\/12\/04\/rencontre-avec-des-orphelins-temoignages-sur-leur-parcours-de-vie-succes-difficultes-et-questions-actuelles\/"]}]},{"@type":"ImageObject","inLanguage":"fr-FR","@id":"https:\/\/www.congres2024-deuils-famille-orphelins.org\/index.php\/2024\/12\/04\/rencontre-avec-des-orphelins-temoignages-sur-leur-parcours-de-vie-succes-difficultes-et-questions-actuelles\/#primaryimage","url":"https:\/\/www.congres2024-deuils-famille-orphelins.org\/wp-content\/uploads\/2024\/12\/Couv-dos-4e-couv-cbp-scaled.jpg","contentUrl":"https:\/\/www.congres2024-deuils-famille-orphelins.org\/wp-content\/uploads\/2024\/12\/Couv-dos-4e-couv-cbp-scaled.jpg","width":2560,"height":1810},{"@type":"BreadcrumbList","@id":"https:\/\/www.congres2024-deuils-famille-orphelins.org\/index.php\/2024\/12\/04\/rencontre-avec-des-orphelins-temoignages-sur-leur-parcours-de-vie-succes-difficultes-et-questions-actuelles\/#breadcrumb","itemListElement":[{"@type":"ListItem","position":1,"name":"Accueil","item":"https:\/\/www.congres2024-deuils-famille-orphelins.org\/"},{"@type":"ListItem","position":2,"name":"Rencontre avec des orphelins, t\u00e9moignages sur leur parcours de vie, succ\u00e8s, difficult\u00e9s et questions actuelles\u2026"}]},{"@type":"WebSite","@id":"https:\/\/www.congres2024-deuils-famille-orphelins.org\/#website","url":"https:\/\/www.congres2024-deuils-famille-orphelins.org\/","name":"Congr\u00e8s 2024 deuils orphelins","description":"","publisher":{"@id":"https:\/\/www.congres2024-deuils-famille-orphelins.org\/#organization"},"potentialAction":[{"@type":"SearchAction","target":{"@type":"EntryPoint","urlTemplate":"https:\/\/www.congres2024-deuils-famille-orphelins.org\/?s={search_term_string}"},"query-input":{"@type":"PropertyValueSpecification","valueRequired":true,"valueName":"search_term_string"}}],"inLanguage":"fr-FR"},{"@type":"Organization","@id":"https:\/\/www.congres2024-deuils-famille-orphelins.org\/#organization","name":"Congr\u00e8s 2024 deuils orphelins","url":"https:\/\/www.congres2024-deuils-famille-orphelins.org\/","logo":{"@type":"ImageObject","inLanguage":"fr-FR","@id":"https:\/\/www.congres2024-deuils-famille-orphelins.org\/#\/schema\/logo\/image\/","url":"https:\/\/www.congres2024-deuils-famille-orphelins.org\/wp-content\/uploads\/2024\/03\/cropped-LOGO-VSDPC2.jpg","contentUrl":"https:\/\/www.congres2024-deuils-famille-orphelins.org\/wp-content\/uploads\/2024\/03\/cropped-LOGO-VSDPC2.jpg","width":980,"height":280,"caption":"Congr\u00e8s 2024 deuils orphelins"},"image":{"@id":"https:\/\/www.congres2024-deuils-famille-orphelins.org\/#\/schema\/logo\/image\/"}},{"@type":"Person","@id":"https:\/\/www.congres2024-deuils-famille-orphelins.org\/#\/schema\/person\/291a70b6f17e52be74f48d19654c535f","name":"Vivian V\u00e9teau","image":{"@type":"ImageObject","inLanguage":"fr-FR","@id":"https:\/\/www.congres2024-deuils-famille-orphelins.org\/#\/schema\/person\/image\/","url":"https:\/\/secure.gravatar.com\/avatar\/a59554cae35983ebfe1205fad45716aa6903f434edc41a99b554823a9290244d?s=96&d=mm&r=g","contentUrl":"https:\/\/secure.gravatar.com\/avatar\/a59554cae35983ebfe1205fad45716aa6903f434edc41a99b554823a9290244d?s=96&d=mm&r=g","caption":"Vivian V\u00e9teau"},"sameAs":["https:\/\/www.congres2024-deuils-famille-orphelins.org\/"],"url":"https:\/\/www.congres2024-deuils-famille-orphelins.org\/index.php\/author\/vivian\/"}]}},"_links":{"self":[{"href":"https:\/\/www.congres2024-deuils-famille-orphelins.org\/index.php\/wp-json\/wp\/v2\/posts\/3585","targetHints":{"allow":["GET"]}}],"collection":[{"href":"https:\/\/www.congres2024-deuils-famille-orphelins.org\/index.php\/wp-json\/wp\/v2\/posts"}],"about":[{"href":"https:\/\/www.congres2024-deuils-famille-orphelins.org\/index.php\/wp-json\/wp\/v2\/types\/post"}],"author":[{"embeddable":true,"href":"https:\/\/www.congres2024-deuils-famille-orphelins.org\/index.php\/wp-json\/wp\/v2\/users\/2"}],"replies":[{"embeddable":true,"href":"https:\/\/www.congres2024-deuils-famille-orphelins.org\/index.php\/wp-json\/wp\/v2\/comments?post=3585"}],"version-history":[{"count":2,"href":"https:\/\/www.congres2024-deuils-famille-orphelins.org\/index.php\/wp-json\/wp\/v2\/posts\/3585\/revisions"}],"predecessor-version":[{"id":3596,"href":"https:\/\/www.congres2024-deuils-famille-orphelins.org\/index.php\/wp-json\/wp\/v2\/posts\/3585\/revisions\/3596"}],"wp:attachment":[{"href":"https:\/\/www.congres2024-deuils-famille-orphelins.org\/index.php\/wp-json\/wp\/v2\/media?parent=3585"}],"wp:term":[{"taxonomy":"category","embeddable":true,"href":"https:\/\/www.congres2024-deuils-famille-orphelins.org\/index.php\/wp-json\/wp\/v2\/categories?post=3585"},{"taxonomy":"post_tag","embeddable":true,"href":"https:\/\/www.congres2024-deuils-famille-orphelins.org\/index.php\/wp-json\/wp\/v2\/tags?post=3585"}],"curies":[{"name":"wp","href":"https:\/\/api.w.org\/{rel}","templated":true}]}}